{"id":21289,"date":"2026-03-10T07:09:05","date_gmt":"2026-03-10T11:09:05","guid":{"rendered":"https:\/\/natsci.uprrp.edu\/biology\/?p=21289"},"modified":"2026-03-19T08:54:42","modified_gmt":"2026-03-19T12:54:42","slug":"apicultura-y-agroforesteria-para-el-cafetal","status":"publish","type":"post","link":"https:\/\/natsci.uprrp.edu\/biology\/2026\/03\/10\/apicultura-y-agroforesteria-para-el-cafetal\/","title":{"rendered":"APICULTURA Y AGROFORESTER\u00cdA PARA EL CAFETAL"},"content":{"rendered":"\n<h2 class=\"wp-block-heading\">\u00bfSab\u00edas que la presencia de abejas en un cafetal puede aumentar la producci\u00f3n hasta en un&nbsp;<strong>50%<\/strong>?<\/h2>\n\n\n\n<p>En este episodio de&nbsp;<strong>\u201cDesde la EEA\u201d<\/strong>, la Prof. Mildred Cort\u00e9s conversa con dos expertos de la&nbsp;Universidad de Puerto Rico, Recinto de R\u00edo Piedras: el&nbsp;&nbsp;<strong>Dr. Tugrul Giray<\/strong>, catedr\u00e1tico del Departamento de Biolog\u00eda, y&nbsp;&nbsp;<strong>Dra. Aixa Ram\u00edrez Lluch<\/strong>, una de sus exalumnas de tesis.<\/p>\n\n\n\n<p>Ambos lideran el proyecto&nbsp;<strong>\u201cApicultura y agroforester\u00eda para el cafetal\u201d<\/strong>, una iniciativa que explora c\u00f3mo la integraci\u00f3n de abejas en sistemas agr\u00edcolas puede mejorar la producci\u00f3n de caf\u00e9 y, al mismo tiempo, generar nuevas oportunidades econ\u00f3micas para los agricultores.<\/p>\n\n\n\n<p>En esta conversaci\u00f3n descubrir\u00e1s c\u00f3mo la&nbsp;sinergia entre la apicultura y la agroforester\u00eda&nbsp;puede fortalecer la seguridad alimentaria y fomentar pr\u00e1cticas agr\u00edcolas m\u00e1s sostenibles en Puerto Rico.<\/p>\n\n\n\n<blockquote class=\"wp-block-quote is-layout-flow wp-block-quote-is-layout-flow\">\n<p><em>\u201cLas abejas no son una amenaza, son nuestras mejores aliadas en el campo.\u201d<\/em><\/p>\n<\/blockquote>\n\n\n\n<h3 class=\"wp-block-heading\"><strong>Lo que aprender\u00e1s en este episodio<\/strong><\/h3>\n\n\n\n<p><ul><li><ul><li>C\u00f3mo las abejas mejoran la\u00a0cantidad y la calidad del caf\u00e9 cultivado bajo sombra.<\/li><\/ul><\/li><\/ul><ul><li><ul><li>El potencial de las\u00a0mieles monoflorales\u00a0y la\u00a0denominaci\u00f3n de origen\u00a0en las fincas de Puerto Rico.<\/li><\/ul><\/li><\/ul><ul><li><ul><li>Por qu\u00e9 la\u00a0abeja puertorrique\u00f1a\u00a0es reconocida a nivel mundial por su\u00a0mansedumbre y resistencia a plagas.<\/li><\/ul><\/li><\/ul><ul><li><ul><li>C\u00f3mo la\u00a0apicultura puede convertirse en una fuente de ingresos secundaria, a trav\u00e9s de la miel, el polen, el prop\u00f3leo y la crianza de reinas.<\/li><\/ul><\/li><\/ul><\/p>\n\n\n\n<ul class=\"wp-block-list\">\n<li>La importancia de&nbsp;evitar la importaci\u00f3n de abejas&nbsp;para proteger la salud ap\u00edcola de la isla.<\/li>\n<\/ul>\n\n\n\n<h3 class=\"wp-block-heading\"><strong>Notas Importantes<\/strong><\/h3>\n\n\n\n<p>Para obtener m\u00e1s sobre el proyecto y los eventos mencionados en el podcast pueden contactar a:<\/p>\n\n\n\n<p><strong>Dr. Tugrul Giray<\/strong><\/p>\n\n\n\n<ul class=\"wp-block-list\">\n<li><strong>Tel\u00e9fono:<\/strong>&nbsp;787-764-0000 ext 88135, 88136<\/li>\n\n\n\n<li><strong>Correo Electr\u00f3nico:<\/strong>&nbsp;<a href=\"mailto:tugrul.giray@upr.edu\">tugrul.giray@upr.edu<\/a><\/li>\n<\/ul>\n\n\n\n<p><strong>Dra. Aixa Ram\u00edrez Lluch<\/strong><\/p>\n\n\n\n<ul class=\"wp-block-list\">\n<li><strong>Tel\u00e9fono:<\/strong>&nbsp;787-403-7334<\/li>\n\n\n\n<li><strong>Correo Electr\u00f3nico:<\/strong>&nbsp;<a href=\"mailto:aixa.ramirez1@upr.edu\">aixa.ramirez1@upr.edu<\/a><\/li>\n<\/ul>\n\n\n<div class=\"wp-block-image\">\n<figure class=\"aligncenter\"><img decoding=\"async\" src=\"https:\/\/www.uprm.edu\/desdelaeea\/wp-content\/uploads\/sites\/215\/2026\/03\/PHOTO-2026-03-06-10-18-37-200x300.jpg\" alt=\"ANUNCIO DE CHARLA Y CONVERSATORIO Crianza Selectiva de Abejas Mel\u00edferas para Bajo Crecimiento de Varroa Escanea el QR en el flyer para registrarte. Dr. Ernesto Guzm\u00e1n Novoa Experto en salud y comportamiento de abejas Mi\u00e9rcoles, 1 de abril 10:00 AM - 12:00 PM Edif. JGD - Sal\u00f3n 123 UPR R\u00edo Piedras A Cupo limitado Registro previo \/ Donativo $10 787-403-3334 abejasycafepr@upr.edu\" class=\"wp-image-1729\"\/><\/figure>\n<\/div>\n\n\n<p><a href=\"https:\/\/docs.google.com\/forms\/d\/e\/1FAIpQLSf0JK46hZbQtoXjttsK-SJfV5OecjVLXjM9VH7-2UpUh3oSrA\/viewform?fbclid=IwY2xjawQb4u5leHRuA2FlbQIxMABicmlkETFXYmdCM1VJb3hvOWM0T080c3J0YwZhcHBfaWQQMjIyMDM5MTc4ODIwMDg5MgABHuLDRpSSo8S1CQMVLr0pVFEmOYRuBECvn8mMzQ3p2bUl1Vcgn3W_hJKzPYXT_aem_3LD6qJm1IErReF5TmwbEJQ\"><strong>REGISTRO<\/strong><\/a><\/p>\n\n\n<div class=\"wp-block-image\">\n<figure class=\"aligncenter\"><img decoding=\"async\" src=\"https:\/\/www.uprm.edu\/desdelaeea\/wp-content\/uploads\/sites\/215\/2026\/03\/Screenshot-2026-03-09-at-2.52.48-PM-300x172.png\" alt=\"Cartel informativo sobre talleres pr\u00e1cticos de apicultura y sistemas agroforestales para caficultores en Puerto Rico, con im\u00e1genes de una abeja polinizando una flor de caf\u00e9 y un cafetal, fechas de talleres en Adjuntas, Gurabo y Yauco, y un c\u00f3digo QR para inscripci\u00f3n.\" class=\"wp-image-1740\"\/><\/figure>\n<\/div>\n\n\n<p><strong><a href=\"https:\/\/docs.google.com\/forms\/d\/e\/1FAIpQLSf5vLgFQp1bO1zmfmFwZ6OSiWWt_Pkzbav0xxhQ3fhYWmvjZQ\/viewform?pli=1\">REGISTRO<\/a><\/strong><\/p>\n\n\n\n<h3 class=\"wp-block-heading\">Sobre el Podcast<\/h3>\n\n\n\n<ul class=\"wp-block-list\">\n<li><strong>Producci\u00f3n de&nbsp;<em>Desde la EEA<\/em><\/strong>: Prof. Luis E. M\u00e9ndez y Prof. Mildred Cort\u00e9s.<\/li>\n\n\n\n<li><strong>Edici\u00f3n, Dise\u00f1o y Redes Sociales<\/strong>: Karina Negr\u00f3n S\u00e1nchez, Bibliotecaria Auxiliar.<\/li>\n\n\n\n<li><strong>Contacto<\/strong>: Para m\u00e1s informaci\u00f3n sobre el podcast&nbsp;<em>Desde la EEA<\/em>, comun\u00edquese con: luis.mendez4@upr.edu<\/li>\n<\/ul>\n\n\n\n<p>&nbsp;<strong>Escucha el programa completo y descubre c\u00f3mo la polinizaci\u00f3n puede transformar una finca o proyecto agr\u00edcola.<\/strong><\/p>\n\n\n\n<p><a href=\"https:\/\/www.uprm.edu\/desdelaeea\/2026\/03\/09\/apicultura-y-agroforesteria-para-el-cafetal\">Podcast Sobre Apicultura<\/a><\/p>\n","protected":false},"excerpt":{"rendered":"<p>\u00bfSab\u00edas que la presencia de abejas en un cafetal puede aumentar la producci\u00f3n hasta en un&nbsp;50%? En este episodio de&nbsp;\u201cDesde la EEA\u201d, la Prof. Mildred Cort\u00e9s conversa con dos expertos de la&nbsp;Universidad de Puerto Rico, Recinto de R\u00edo Piedras: el&nbsp;&nbsp;Dr. Tugrul Giray, catedr\u00e1tico del Departamento de Biolog\u00eda, y&nbsp;&nbsp;Dra. Aixa Ram\u00edrez &hellip; <\/p>\n","protected":false},"author":4132,"featured_media":21293,"comment_status":"closed","ping_status":"closed","sticky":false,"template":"","format":"link","meta":{"rs_blank_template":"","rs_page_bg_color":"","slide_template_v7":"","footnotes":""},"categories":[2,7],"tags":[],"class_list":["post-21289","post","type-post","status-publish","format-link","has-post-thumbnail","hentry","category-announcements","category-opportunities","post_format-post-format-link"],"_links":{"self":[{"href":"https:\/\/natsci.uprrp.edu\/biology\/wp-json\/wp\/v2\/posts\/21289","targetHints":{"allow":["GET"]}}],"collection":[{"href":"https:\/\/natsci.uprrp.edu\/biology\/wp-json\/wp\/v2\/posts"}],"about":[{"href":"https:\/\/natsci.uprrp.edu\/biology\/wp-json\/wp\/v2\/types\/post"}],"author":[{"embeddable":true,"href":"https:\/\/natsci.uprrp.edu\/biology\/wp-json\/wp\/v2\/users\/4132"}],"replies":[{"embeddable":true,"href":"https:\/\/natsci.uprrp.edu\/biology\/wp-json\/wp\/v2\/comments?post=21289"}],"version-history":[{"count":3,"href":"https:\/\/natsci.uprrp.edu\/biology\/wp-json\/wp\/v2\/posts\/21289\/revisions"}],"predecessor-version":[{"id":21441,"href":"https:\/\/natsci.uprrp.edu\/biology\/wp-json\/wp\/v2\/posts\/21289\/revisions\/21441"}],"wp:featuredmedia":[{"embeddable":true,"href":"https:\/\/natsci.uprrp.edu\/biology\/wp-json\/wp\/v2\/media\/21293"}],"wp:attachment":[{"href":"https:\/\/natsci.uprrp.edu\/biology\/wp-json\/wp\/v2\/media?parent=21289"}],"wp:term":[{"taxonomy":"category","embeddable":true,"href":"https:\/\/natsci.uprrp.edu\/biology\/wp-json\/wp\/v2\/categories?post=21289"},{"taxonomy":"post_tag","embeddable":true,"href":"https:\/\/natsci.uprrp.edu\/biology\/wp-json\/wp\/v2\/tags?post=21289"}],"curies":[{"name":"wp","href":"https:\/\/api.w.org\/{rel}","templated":true}]}}